{"id":451,"date":"2024-10-31T13:56:23","date_gmt":"2024-10-31T13:56:23","guid":{"rendered":"https:\/\/zlatan-ibrahimovic.org\/?p=451"},"modified":"2024-10-31T13:56:37","modified_gmt":"2024-10-31T13:56:37","slug":"zlatan-ibrahimovicin-ura-tilastojen-valossa","status":"publish","type":"post","link":"https:\/\/zlatan-ibrahimovic.org\/fi\/zlatan-ibrahimovicin-ura-tilastojen-valossa\/","title":{"rendered":"Zlatan Ibrahimovi\u0107in ura tilastojen valossa"},"content":{"rendered":"\n<p>Zlatan Ibrahimovi\u0107 on uransa aikana pelannut lukuisissa eri jalkapallojoukkueissa. Ibrahimovi\u0107 aloitti uransa vuonna 1999 Malm\u00f6 FF:ss\u00e4 ja siirtyi vuonna 2001 Ajaxiin Hollantiin. Vuonna 2004 h\u00e4n siirtyi Italiaan Juventukseen ja muutamaa vuotta my\u00f6hemmin vaihtoi maan sis\u00e4ll\u00e4 Inter Milaniin. Milanista Ibrahimovi\u0107in tie kulki FC Barcelonaan, josta h\u00e4n vaihtoi yhden kauden j\u00e4lkeen takaisin Italiaan, t\u00e4ll\u00e4 kertaa AC Milaniin. Vuonna 2012 Ibrahimovi\u0107 vaihtoi Paris Saint-Germainiin, jossa h\u00e4n pelasi nelj\u00e4 kautta. T\u00e4m\u00e4n j\u00e4lkeen h\u00e4n muutti Manchester Unitediin vuonna 2016, mutta siirtyi yhden kauden j\u00e4lkeen LA Galaxyyn. Vuonna 2020 Ibrahimovi\u0107 palasi takaisin AC Milaniin, jossa h\u00e4n pelasi kolmen kauden ajan, kunnes p\u00e4\u00e4tti ammattilaisuransa vuonna 2023.<\/p>\n\n\n\n<h2 class=\"wp-block-heading\"><strong>Zlatan aloittaa joukkueuransa Malm\u00f6 FF:ss\u00e4<\/strong><\/h2>\n\n\n\n<p>Zlatan aloitti Malm\u00f6 FF:ss\u00e4 alunperin jo vuonna 1996, mutta siirtyi Allsvenskaniin (jalkapallon korkein sarjataso Ruotsissa) vuonna 1999. Siell\u00e4 h\u00e4n teki ensimm\u00e4isen maalinsa 30. lokakuuta 1999 ottelussa V\u00e4stra Fr\u00f6lundaa vastaan. Malm\u00f6 FF kuitenkin putosi Allsvenskanista samana vuonna ja jatkoi seuraavalla kaudella Superettanissa, toiseksi korkeimmalla sarjatasolla. Siell\u00e4 Zlatan teki kauden aikana 12 maalia. Seuraavalla kaudella vuonna 2001 Malm\u00f6 FF nousi j\u00e4lleen Allsvenskaniin ja Zlatan teki kaksi maalia kauden avausottelussa AIK:ia vastaan.&nbsp;<\/p>\n\n\n\n<h2 class=\"wp-block-heading\"><strong>Zlatanin kansainv\u00e4linen ura alkaa Ajaxissa<\/strong><\/h2>\n\n\n\n<p>Arsenalin silloinen p\u00e4\u00e4valmentaja Ars\u00e8ne Wenger oli yritt\u00e4nyt saada Zlatania tulemaan Arsenalin koekarsintoihin kun Zlatan oli 17-vuotias, mutta h\u00e4n kielt\u00e4ytyi. H\u00e4nell\u00e4 oli jo tuolloin vahva usko omiin kykyihins\u00e4 ja h\u00e4n piti Wengerin tarjousta kykyjens\u00e4 aliarvioimisena. Lopulta maaliskuussa 2001 Ajaxin tekninen johtaja Leo Beenhakker, joka my\u00f6s oli huomannut Zlatanin kyvykkyyden, sai Zlatanin houkuteltua siirtym\u00e4\u00e4n osaksi Ajaxia. Siirto maksoi Ajaxille 82.5 miljoonaa Ruotsin kruunua eli noin 7.8 miljoonaa euroa. T\u00e4m\u00e4 on itse asiassa korkein summa, joka koskaan on maksettu skandinaavisesta pelaajasta, mik\u00e4 on osoitus Zlatanin poikkeuksellisesta kyvykkyydest\u00e4. Zlatan aloitti Ajaxissa hein\u00e4kuussa 2001. Zlatan ei aluksi p\u00e4\u00e4ssyt pelaamaan montakaan ottelua, sill\u00e4 h\u00e4nen ja p\u00e4\u00e4valmentaja Co Adriaansenin henkil\u00f6kemiat eiv\u00e4t kohdanneet. P\u00e4\u00e4valmentajan vaihtuessa h\u00e4n kuitenkin sai vakituisen pelipaikan joukkueen avauksessa ja p\u00e4\u00e4si pian loistamaan. Debyyttikaudellaan 2001-2002 Zlatan teki kuusi maalia 24 ottelussa. Ajax voitti sek\u00e4 kauden liigan ett\u00e4 cupin. Syyskuussa 2002 Zlatan teki Champions League -debyyttins\u00e4 ja teki kaksi maalia ottelussa Lyonia vastaan. Koko kauden 2002-2003 aikana Zlatan teki viisi maalia Mestareiden liigassa ja 13 Hollannin sis\u00e4isess\u00e4 liigassa. Ajax tuli lopulta Hollannin liigan toiselle sijalle. Kaudella 2003-2004 Zlatan onnistui tekem\u00e4\u00e4n 13 maalia 22 ottelussa, mik\u00e4 johti Ajaxin voittoon Hollannin liigassa. Elokuussa 2004 Hollanti ja Ruotsi pelasivat maaottelussa, jossa Zlatan teki kaksi maalia ja nelj\u00e4 sy\u00f6tt\u00f6\u00e4. Toinen n\u00e4ist\u00e4 maaleista \u00e4\u00e4nestettiin samana vuonna Eurosportin katsoja\u00e4\u00e4nestyksess\u00e4 vuoden parhaaksi maaliksi. Maaottelua seuraavana p\u00e4iv\u00e4n\u00e4 Zlatan allekirjoitti sopimuksen italialaisen Juventuksen kanssa. Zlatanin hankkiminen osaksi joukkuetta maksoi Juventukselle yli 16 miljoonaa euroa. Yhteens\u00e4 Zlatan teki Ajaxissa 48 maalia ja 17 sy\u00f6tt\u00f6\u00e4 110 ottelussa.<\/p>\n\n\n\n<h2 class=\"wp-block-heading\"><strong>Zlatan siirtyy Ajaxista Italiaan<\/strong><\/h2>\n\n\n\n<p>Zlatanin tultua Juventukseen h\u00e4n vakiinnutti v\u00e4litt\u00f6m\u00e4sti paikkansa joukkueen kokoonpanossa, kun h\u00e4n onnistui vaihdosta sis\u00e4\u00e4n tullessaan tekem\u00e4\u00e4n maalin Serie A:n avausottelussa. Ensimm\u00e4isell\u00e4 kaudellaan 2004-2005 Juventuksessa Zlatan teki 16 maalia ja pelasi 35 ottelua. Seuraavalla kaudellaan 2005-2006 h\u00e4n teki ainoastaan seitsem\u00e4n maalia 37:ssa pelaamassaan ottelussa, mik\u00e4 johtui luultavasti siit\u00e4, ett\u00e4 h\u00e4n osallistui aiempaa enemm\u00e4n pelinrakennukseen eik\u00e4 siksi tuottanut yht\u00e4 monia maalintekoon johtavia sy\u00f6tt\u00f6j\u00e4 kuin edellisell\u00e4 kaudella. Yhteens\u00e4 Zlatan teki Juventuksessa 26 maalia ja 19 sy\u00f6tt\u00f6\u00e4 92 ottelussa.&nbsp;<\/p>\n\n\n\n<p>Ennen kauden 2006-2007 alkua elokuun lopussa 2006 Zlatan ostettiin milanolaisjoukkue Interiin ja t\u00e4ll\u00e4 kertaa siirrosta maksettiin 24,8 miljoonaa euroa. H\u00e4n teki ensimm\u00e4isen Interin-maalinsa Serie A -debyytiss\u00e4\u00e4n syyskuussa ja samassa peliss\u00e4 Fiorentinaa vastaan h\u00e4n sai my\u00f6s toisen maalinsa. My\u00f6hemmin samana vuonna h\u00e4n teki kolmannen maalinsa ottelussa toista milanolaisjoukkuetta AC Milania vastaan. Koko kauden aikana Zlatan teki yhteens\u00e4 15 maalia ja Inter voitti Italian mestaruuden. Seuraavalla kaudella 2007-2008 Inter voitti j\u00e4lleen Italian mestaruuden ja Zlatan teki kauden aikana 17 maalia. Kev\u00e4\u00e4n 2008 aikana Zlatan k\u00e4rsi loukkaantumisista ja pelasi siksi aiempaa v\u00e4hemm\u00e4n pelej\u00e4. Kauden p\u00e4\u00e4t\u00f6sottelussa Parmaa vastaan h\u00e4n kuitenkin teki kaksi maalia, mik\u00e4 johti Interin voittoon. Loppuvuodesta 2008 Zlatan teki Interin kanssa viiden vuoden mittaisen jatkosopimuksen. Kausi 2008-2009 oli Interille j\u00e4lleen voitokas Italian liigassa, mutta Euroopan kisoissa heill\u00e4 meni heikommin. T\u00e4m\u00e4 kirvoitti Zlatanissa kommentteja siit\u00e4, miten h\u00e4nen saattaisi olla helpompi voittaa Mestarien liiga, mik\u00e4li h\u00e4n olisi Espanjassa Italian sijaan. Hein\u00e4kuussa 2009 Bar\u00e7a ja Inter alkoivatkin neuvotella Zlatanin siirrosta Bar\u00e7aan. Interiss\u00e4 Zlatan teki yhteens\u00e4 66 maalia ja 29 sy\u00f6tt\u00f6\u00e4 117 ottelussa.<\/p>\n\n\n\n<h2 class=\"wp-block-heading\"><strong>Odotettu vaihto Bar\u00e7aan ja paluu Milanoon<\/strong><\/h2>\n\n\n\n<p>Hein\u00e4kuun 2009 lopussa siirto vahvistettiin, t\u00e4ll\u00f6in jo 250 miljoonalla eurolla. Vasemman k\u00e4den murtuman vuoksi Zlatanin alkukausi j\u00e4i poissaoloista johtuen vaisuksi, mutta p\u00e4\u00e4sty\u00e4\u00e4n pelaamaan h\u00e4n teki ensimm\u00e4isess\u00e4 viidess\u00e4 sarjaottelussaan yhden maalin jokaisessa. Zlatanin kausi 2009-2010 oli laadullisesti ep\u00e4tasainen: h\u00e4n oli hyv\u00e4ss\u00e4 pelivireess\u00e4 syyskauden ajan, mutta kev\u00e4\u00e4ll\u00e4 maaleja ei syntynytk\u00e4\u00e4n en\u00e4\u00e4 samaan tahtiin kuin aiemmin. Kun Zlatan h\u00e4visi Bar\u00e7an kanssa Mestareiden liigassa, h\u00e4n menetti paikkansa joukkueen aloituksessa. Alettiin huhuta, ett\u00e4 h\u00e4nell\u00e4 saattaisi pian olla edess\u00e4 vaihto seuraavaan joukkueeseen. Kaudellaan Bar\u00e7assa Zlatan ehti tehd\u00e4 22 maalia ja 13 sy\u00f6tt\u00f6\u00e4 46 ottelussa.&nbsp;<\/p>\n\n\n\n<p>Elokuun lopussa 2010 Zlatan palasi Milanoon, mutta t\u00e4ll\u00e4 kertaa AC Milaniin. Sopimus oli aluksi laina Barcelonalta, mutta kauden lopuksi Zlatan ostettiin joukkueeseen. Kaudella 2010-2011 Zlatan teki 13 maalia Serie A:ssa ja nelj\u00e4 Mestareiden liigassa. Kauden 2011-2012 aluksi Zlatan k\u00e4rsi jalkavammasta eik\u00e4 voinut pelata, mutta kun h\u00e4net saatiin taas takaisin pelivahvuuteen, h\u00e4n luotsasi joukkuueen kohti sarjan voittoa.&nbsp;<\/p>\n\n\n\n<h2 class=\"wp-block-heading\"><strong>Zlatanin voittoisa aikakausi Saint-Germainissa<\/strong><\/h2>\n\n\n\n<p>Hein\u00e4kuussa 2012 varmistui, ett\u00e4 Zlatan oli hankittu pariisilaiseen Saint-Germainiin. Ensimm\u00e4isess\u00e4 Ranskan liigan ottelussaan h\u00e4n onnistui tekem\u00e4\u00e4n kaksi maalia, jotka tasoittivat aluksi murskatappiolta vaikuttaneen pelin lukemiin 2-2. Zlatanin nelj\u00e4 kautta Saint-Germainissa olivat h\u00e4nelle h\u00e4nen uransa voittoisimmat: h\u00e4n teki kausien aikana 156 maalia ja 62 sy\u00f6tt\u00f6\u00e4 180 ottelussa. Kauden 2015-2016 p\u00e4\u00e4t\u00f6sottelussa h\u00e4n ilmoitti, ett\u00e4 kyseinen ottelu FC Nantesia vastaan olisi h\u00e4nen viimeisens\u00e4 seurassa.<\/p>\n\n\n\n<h2 class=\"wp-block-heading\"><strong>Zlatanin kausi ManUssa ja muutto LA Galaxyyn<\/strong><\/h2>\n\n\n\n<p>Zlatan siirtyi Manchester Unitediin hein\u00e4kuun alussa 2016. Ensimm\u00e4isess\u00e4 ManU:n ottelussaan h\u00e4n onnistui tekem\u00e4\u00e4n maalin. United voitti kauden 2016-2017 liigacupin. Huhtikuussa 2017 Zlatan sai kuitenkin vakavan nivelsidevamman oikeaan polveensa ja joutui sivuun peleist\u00e4. Johtuen Zlatanin loukkaantumisesta ManU ilmoitti kauden 2016-2017 lopussa, ettei jatka Zlatanin sopimusta seuraavalle kaudelle. Joukkue kuitenkin py\u00f6rsi p\u00e4\u00e4t\u00f6ksens\u00e4 ja solmi h\u00e4nen kanssaan uuden sopimuksen kaudelle 2017-2018. My\u00f6s t\u00e4m\u00e4 kausi oli loukkaantumisten s\u00e4vytt\u00e4m\u00e4 eik\u00e4 Zlatan pystynyt pelaamaan kuin seitsem\u00e4ss\u00e4 ottelussa tehden lis\u00e4ksi vain yhden maalin. H\u00e4nen sopimuksensa purettiin ennen aikojaan maaliskuussa 2017. Kokonaisuudessaan Zlatan teki ManU:ssa 29 maalia ja 10 sy\u00f6tt\u00f6\u00e4 56 ottelussa. ManU:n j\u00e4lkeen Zlatan siirtyi LA Galaxyyn. J\u00e4lleen kerran h\u00e4n onnistui tekem\u00e4\u00e4n debyyttiottelussaan jopa kaksi maalia ja joukkue voitti pelin. Zlatan pelasi Galaxyssa kahden kauden ajan tehden 58 pelatussa ottelussa huikaisevat 53 maalia ja 15 sy\u00f6tt\u00f6\u00e4.&nbsp;<\/p>\n\n\n\n<h2 class=\"wp-block-heading\"><strong>Zlatanin paluu USA:sta AC Milaniin<\/strong><\/h2>\n\n\n\n<p>Joulukuussa 2019 Zlatan siirtyi takaisin Milaniin. Kaudella 2019-2020 h\u00e4n nosti joukkueen tilastojen 11. sijalta kuudennelle, mik\u00e4 mahdollisti sille paikan Eurooppa-liigassa. My\u00f6s kausi 2020-2021 alkoi vahvasti, mutta Zlatanin sairastaman koronavirustaudin sek\u00e4 loukkaantumisten vuoksi h\u00e4n on paljon sivussa. T\u00e4m\u00e4 johti siihen, ett\u00e4 Milan putosi tilastojen ensimm\u00e4iselt\u00e4 paikalta ja joutui lopulta kakkoseksi h\u00e4viten Interille. Kaudella 2021-2022 Milan sai ensimm\u00e4isen liigavoittonsa kymmeneen vuoteen, mutta pian voiton j\u00e4lkeen Zlatan joutui polvileikkaukseen, josta h\u00e4n joutuisi toipumaan v\u00e4hint\u00e4\u00e4n vuoden 2022 loppuun asti. Kun h\u00e4n palasi takaisin peliareenoille, h\u00e4n k\u00e4rsi kuitenkin pian uusia loukkaantumisia ja joutui j\u00e4tt\u00e4m\u00e4\u00e4n v\u00e4list\u00e4 useita t\u00e4rkeit\u00e4 otteluita.&nbsp;<\/p>\n\n\n\n<h2 class=\"wp-block-heading\"><strong>Zlatan lopettaa uransa&nbsp;<\/strong><\/h2>\n\n\n\n<p>Zlatan ilmoitti julkisesti 5. kes\u00e4kuuta 2023 lopettavansa uransa. T\u00e4m\u00e4n h\u00e4n teki v\u00e4litt\u00f6m\u00e4sti AC Milanin kauden viimeisen ottelun p\u00e4\u00e4tteeksi. Zlatanin uutinen lopettamisesta tuli yll\u00e4tyksen\u00e4 jopa h\u00e4nen perheelleen. H\u00e4nen sopimuksensa AC Milanin kanssa oli p\u00e4\u00e4ttym\u00e4ss\u00e4 kes\u00e4kuun lopussa ja h\u00e4n oli p\u00e4\u00e4tt\u00e4nyt, ett\u00e4 kahdenkymmenen vuoden uran j\u00e4lkeen h\u00e4nen oli aika j\u00e4\u00e4d\u00e4 el\u00e4kkeelle. Koska Zlatanin viimeinen kausi AC Milanissa oli ollut t\u00e4ynn\u00e4 loukkaantumisia, on todenn\u00e4k\u00f6ist\u00e4 ettei joukkue en\u00e4\u00e4 halunnut jatkaa Zlatanin sopimusta, koska he eiv\u00e4t halunneet \u201cmaskottia\u201d joukkueeseensa. Zlatanin oli siis joko vaihdettava joukkuetta tai lopetettava uransa. H\u00e4n valitsi j\u00e4lkimm\u00e4isen vaihtoehdon. Ei kuitenkaan mennyt puoltakaan vuotta, ett\u00e4 Zlatanin uutisoitiin jatkavan AC Milanissa, t\u00e4ll\u00e4 kertaa kuitenkin joukkueen omistajien neuvonantajana. Koko Milan-uransa aikana Zlatan teki lopulta 93 maalia ja 34 sy\u00f6tt\u00f6\u00e4 163 ottelussa.&nbsp;<\/p>\n\n\n\n<h2 class=\"wp-block-heading\"><strong>Zlatanin ura Ruotsin maajoukkueessa<\/strong><\/h2>\n\n\n\n<p>Koska Zlatan on kasvanut Ruotsissa, mutta h\u00e4nen \u00e4itins\u00e4 on kroaatti ja is\u00e4ns\u00e4 bosnialainen, oli h\u00e4nell\u00e4 mahdollisuus valita pelaisiko h\u00e4n Kroatian, Bosnian vai Ruotsin maajoukkueessa. Zlatan valitsi pelata Ruotsin maajoukkueessa. Maajoukkueurallaan Zlatan teki yhteens\u00e4 62 maalia 122 peliss\u00e4. Zlatan keskeytti maajoukkueuransa vuonna 2016, mutta palasi pelaamaan yhden maajoukkueottelun vuonna 2021. Peli oli Georgiaa vastaan ja Zlatan sy\u00f6tti Ruotsin ainoan maalin, mink\u00e4 ansiosta Ruotsi voitti ottelun 1-0.&nbsp;<\/p>\n","protected":false},"excerpt":{"rendered":"<p>Zlatan Ibrahimovi\u0107 on uransa aikana pelannut lukuisissa eri jalkapallojoukkueissa. Ibrahimovi\u0107 aloitti uransa vuonna 1999 Malm\u00f6 FF:ss\u00e4 ja siirtyi vuonna 2001 Ajaxiin Hollantiin. [&hellip;]<\/p>\n","protected":false},"author":4,"featured_media":403,"comment_status":"closed","ping_status":"closed","sticky":false,"template":"","format":"standard","meta":{"footnotes":""},"categories":[16],"tags":[],"class_list":["post-451","post","type-post","status-publish","format-standard","has-post-thumbnail","hentry","category-blogi"],"yoast_head":"<!-- This site is optimized with the Yoast SEO plugin v27.0 - https:\/\/yoast.com\/product\/yoast-seo-wordpress\/ -->\n<title>Zlatan Ibrahimovi\u0107in ura - tilastot ja saavutukset - Zlatan Ibrahimovic<\/title>\n<meta name=\"description\" content=\"Katso Zlatan Ibrahimovi\u0107in vaikuttava ura tilastojen valossa \u2013 seurat, maalit, sy\u00f6t\u00f6t ja merkkipaalut uraa uurtavassa jalkapallomatkassa.\" \/>\n<meta name=\"robots\" content=\"index, follow, max-snippet:-1, max-image-preview:large, max-video-preview:-1\" \/>\n<link rel=\"canonical\" href=\"https:\/\/zlatan-ibrahimovic.org\/fi\/zlatan-ibrahimovicin-ura-tilastojen-valossa\/\" \/>\n<meta property=\"og:locale\" content=\"fi_FI\" \/>\n<meta property=\"og:type\" content=\"article\" \/>\n<meta property=\"og:title\" content=\"Zlatan Ibrahimovi\u0107in ura - tilastot ja saavutukset - Zlatan Ibrahimovic\" \/>\n<meta property=\"og:description\" content=\"Katso Zlatan Ibrahimovi\u0107in vaikuttava ura tilastojen valossa \u2013 seurat, maalit, sy\u00f6t\u00f6t ja merkkipaalut uraa uurtavassa jalkapallomatkassa.\" \/>\n<meta property=\"og:url\" content=\"https:\/\/zlatan-ibrahimovic.org\/fi\/zlatan-ibrahimovicin-ura-tilastojen-valossa\/\" \/>\n<meta property=\"og:site_name\" content=\"Zlatan Ibrahimovic\" \/>\n<meta property=\"article:published_time\" content=\"2024-10-31T13:56:23+00:00\" \/>\n<meta property=\"article:modified_time\" content=\"2024-10-31T13:56:37+00:00\" \/>\n<meta property=\"og:image\" content=\"https:\/\/zlatan-ibrahimovic.org\/wp-content\/uploads\/2024\/01\/zlatans-syskon.png\" \/>\n\t<meta property=\"og:image:width\" content=\"2000\" \/>\n\t<meta property=\"og:image:height\" content=\"1325\" \/>\n\t<meta property=\"og:image:type\" content=\"image\/png\" \/>\n<meta name=\"author\" content=\"Adrian Cicek\" \/>\n<meta name=\"twitter:card\" content=\"summary_large_image\" \/>\n<meta name=\"twitter:label1\" content=\"Kirjoittanut\" \/>\n\t<meta name=\"twitter:data1\" content=\"Adrian Cicek\" \/>\n\t<meta name=\"twitter:label2\" content=\"Arvioitu lukuaika\" \/>\n\t<meta name=\"twitter:data2\" content=\"7 minuuttia\" \/>\n<script type=\"application\/ld+json\" class=\"yoast-schema-graph\">{\"@context\":\"https:\/\/schema.org\",\"@graph\":[{\"@type\":\"Article\",\"@id\":\"https:\/\/zlatan-ibrahimovic.org\/fi\/zlatan-ibrahimovicin-ura-tilastojen-valossa\/#article\",\"isPartOf\":{\"@id\":\"https:\/\/zlatan-ibrahimovic.org\/fi\/zlatan-ibrahimovicin-ura-tilastojen-valossa\/\"},\"author\":{\"name\":\"Adrian Cicek\",\"@id\":\"https:\/\/zlatan-ibrahimovic.org\/fi\/#\/schema\/person\/b7508ac3e60ffb44a36873ebb7e998f8\"},\"headline\":\"Zlatan Ibrahimovi\u0107in ura tilastojen valossa\",\"datePublished\":\"2024-10-31T13:56:23+00:00\",\"dateModified\":\"2024-10-31T13:56:37+00:00\",\"mainEntityOfPage\":{\"@id\":\"https:\/\/zlatan-ibrahimovic.org\/fi\/zlatan-ibrahimovicin-ura-tilastojen-valossa\/\"},\"wordCount\":1453,\"image\":{\"@id\":\"https:\/\/zlatan-ibrahimovic.org\/fi\/zlatan-ibrahimovicin-ura-tilastojen-valossa\/#primaryimage\"},\"thumbnailUrl\":\"https:\/\/zlatan-ibrahimovic.org\/wp-content\/uploads\/2024\/01\/zlatans-syskon.png\",\"articleSection\":[\"Blogi\"],\"inLanguage\":\"fi\"},{\"@type\":\"WebPage\",\"@id\":\"https:\/\/zlatan-ibrahimovic.org\/fi\/zlatan-ibrahimovicin-ura-tilastojen-valossa\/\",\"url\":\"https:\/\/zlatan-ibrahimovic.org\/fi\/zlatan-ibrahimovicin-ura-tilastojen-valossa\/\",\"name\":\"Zlatan Ibrahimovi\u0107in ura - tilastot ja saavutukset - Zlatan Ibrahimovic\",\"isPartOf\":{\"@id\":\"https:\/\/zlatan-ibrahimovic.org\/fi\/#website\"},\"primaryImageOfPage\":{\"@id\":\"https:\/\/zlatan-ibrahimovic.org\/fi\/zlatan-ibrahimovicin-ura-tilastojen-valossa\/#primaryimage\"},\"image\":{\"@id\":\"https:\/\/zlatan-ibrahimovic.org\/fi\/zlatan-ibrahimovicin-ura-tilastojen-valossa\/#primaryimage\"},\"thumbnailUrl\":\"https:\/\/zlatan-ibrahimovic.org\/wp-content\/uploads\/2024\/01\/zlatans-syskon.png\",\"datePublished\":\"2024-10-31T13:56:23+00:00\",\"dateModified\":\"2024-10-31T13:56:37+00:00\",\"author\":{\"@id\":\"https:\/\/zlatan-ibrahimovic.org\/fi\/#\/schema\/person\/b7508ac3e60ffb44a36873ebb7e998f8\"},\"description\":\"Katso Zlatan Ibrahimovi\u0107in vaikuttava ura tilastojen valossa \u2013 seurat, maalit, sy\u00f6t\u00f6t ja merkkipaalut uraa uurtavassa jalkapallomatkassa.\",\"breadcrumb\":{\"@id\":\"https:\/\/zlatan-ibrahimovic.org\/fi\/zlatan-ibrahimovicin-ura-tilastojen-valossa\/#breadcrumb\"},\"inLanguage\":\"fi\",\"potentialAction\":[{\"@type\":\"ReadAction\",\"target\":[\"https:\/\/zlatan-ibrahimovic.org\/fi\/zlatan-ibrahimovicin-ura-tilastojen-valossa\/\"]}]},{\"@type\":\"ImageObject\",\"inLanguage\":\"fi\",\"@id\":\"https:\/\/zlatan-ibrahimovic.org\/fi\/zlatan-ibrahimovicin-ura-tilastojen-valossa\/#primaryimage\",\"url\":\"https:\/\/zlatan-ibrahimovic.org\/wp-content\/uploads\/2024\/01\/zlatans-syskon.png\",\"contentUrl\":\"https:\/\/zlatan-ibrahimovic.org\/wp-content\/uploads\/2024\/01\/zlatans-syskon.png\",\"width\":2000,\"height\":1325,\"caption\":\"zlatan\"},{\"@type\":\"BreadcrumbList\",\"@id\":\"https:\/\/zlatan-ibrahimovic.org\/fi\/zlatan-ibrahimovicin-ura-tilastojen-valossa\/#breadcrumb\",\"itemListElement\":[{\"@type\":\"ListItem\",\"position\":1,\"name\":\"Etusivu\",\"item\":\"https:\/\/zlatan-ibrahimovic.org\/fi\/\"},{\"@type\":\"ListItem\",\"position\":2,\"name\":\"Zlatan Ibrahimovi\u0107in ura tilastojen valossa\"}]},{\"@type\":\"WebSite\",\"@id\":\"https:\/\/zlatan-ibrahimovic.org\/fi\/#website\",\"url\":\"https:\/\/zlatan-ibrahimovic.org\/fi\/\",\"name\":\"Zlatan Ibrahimovic\",\"description\":\"\",\"potentialAction\":[{\"@type\":\"SearchAction\",\"target\":{\"@type\":\"EntryPoint\",\"urlTemplate\":\"https:\/\/zlatan-ibrahimovic.org\/fi\/?s={search_term_string}\"},\"query-input\":{\"@type\":\"PropertyValueSpecification\",\"valueRequired\":true,\"valueName\":\"search_term_string\"}}],\"inLanguage\":\"fi\"},{\"@type\":\"Person\",\"@id\":\"https:\/\/zlatan-ibrahimovic.org\/fi\/#\/schema\/person\/b7508ac3e60ffb44a36873ebb7e998f8\",\"name\":\"Adrian Cicek\",\"image\":{\"@type\":\"ImageObject\",\"inLanguage\":\"fi\",\"@id\":\"https:\/\/zlatan-ibrahimovic.org\/fi\/#\/schema\/person\/image\/\",\"url\":\"https:\/\/secure.gravatar.com\/avatar\/dff2f0f850df693816c74b297ab4a1a8bf0ff9c202a4d352411f9253ab418e1f?s=96&d=mm&r=g\",\"contentUrl\":\"https:\/\/secure.gravatar.com\/avatar\/dff2f0f850df693816c74b297ab4a1a8bf0ff9c202a4d352411f9253ab418e1f?s=96&d=mm&r=g\",\"caption\":\"Adrian Cicek\"},\"url\":\"https:\/\/zlatan-ibrahimovic.org\/fi\/author\/adrian\/\"}]}<\/script>\n<!-- \/ Yoast SEO plugin. -->","yoast_head_json":{"title":"Zlatan Ibrahimovi\u0107in ura - tilastot ja saavutukset - Zlatan Ibrahimovic","description":"Katso Zlatan Ibrahimovi\u0107in vaikuttava ura tilastojen valossa \u2013 seurat, maalit, sy\u00f6t\u00f6t ja merkkipaalut uraa uurtavassa jalkapallomatkassa.","robots":{"index":"index","follow":"follow","max-snippet":"max-snippet:-1","max-image-preview":"max-image-preview:large","max-video-preview":"max-video-preview:-1"},"canonical":"https:\/\/zlatan-ibrahimovic.org\/fi\/zlatan-ibrahimovicin-ura-tilastojen-valossa\/","og_locale":"fi_FI","og_type":"article","og_title":"Zlatan Ibrahimovi\u0107in ura - tilastot ja saavutukset - Zlatan Ibrahimovic","og_description":"Katso Zlatan Ibrahimovi\u0107in vaikuttava ura tilastojen valossa \u2013 seurat, maalit, sy\u00f6t\u00f6t ja merkkipaalut uraa uurtavassa jalkapallomatkassa.","og_url":"https:\/\/zlatan-ibrahimovic.org\/fi\/zlatan-ibrahimovicin-ura-tilastojen-valossa\/","og_site_name":"Zlatan Ibrahimovic","article_published_time":"2024-10-31T13:56:23+00:00","article_modified_time":"2024-10-31T13:56:37+00:00","og_image":[{"width":2000,"height":1325,"url":"https:\/\/zlatan-ibrahimovic.org\/wp-content\/uploads\/2024\/01\/zlatans-syskon.png","type":"image\/png"}],"author":"Adrian Cicek","twitter_card":"summary_large_image","twitter_misc":{"Kirjoittanut":"Adrian Cicek","Arvioitu lukuaika":"7 minuuttia"},"schema":{"@context":"https:\/\/schema.org","@graph":[{"@type":"Article","@id":"https:\/\/zlatan-ibrahimovic.org\/fi\/zlatan-ibrahimovicin-ura-tilastojen-valossa\/#article","isPartOf":{"@id":"https:\/\/zlatan-ibrahimovic.org\/fi\/zlatan-ibrahimovicin-ura-tilastojen-valossa\/"},"author":{"name":"Adrian Cicek","@id":"https:\/\/zlatan-ibrahimovic.org\/fi\/#\/schema\/person\/b7508ac3e60ffb44a36873ebb7e998f8"},"headline":"Zlatan Ibrahimovi\u0107in ura tilastojen valossa","datePublished":"2024-10-31T13:56:23+00:00","dateModified":"2024-10-31T13:56:37+00:00","mainEntityOfPage":{"@id":"https:\/\/zlatan-ibrahimovic.org\/fi\/zlatan-ibrahimovicin-ura-tilastojen-valossa\/"},"wordCount":1453,"image":{"@id":"https:\/\/zlatan-ibrahimovic.org\/fi\/zlatan-ibrahimovicin-ura-tilastojen-valossa\/#primaryimage"},"thumbnailUrl":"https:\/\/zlatan-ibrahimovic.org\/wp-content\/uploads\/2024\/01\/zlatans-syskon.png","articleSection":["Blogi"],"inLanguage":"fi"},{"@type":"WebPage","@id":"https:\/\/zlatan-ibrahimovic.org\/fi\/zlatan-ibrahimovicin-ura-tilastojen-valossa\/","url":"https:\/\/zlatan-ibrahimovic.org\/fi\/zlatan-ibrahimovicin-ura-tilastojen-valossa\/","name":"Zlatan Ibrahimovi\u0107in ura - tilastot ja saavutukset - Zlatan Ibrahimovic","isPartOf":{"@id":"https:\/\/zlatan-ibrahimovic.org\/fi\/#website"},"primaryImageOfPage":{"@id":"https:\/\/zlatan-ibrahimovic.org\/fi\/zlatan-ibrahimovicin-ura-tilastojen-valossa\/#primaryimage"},"image":{"@id":"https:\/\/zlatan-ibrahimovic.org\/fi\/zlatan-ibrahimovicin-ura-tilastojen-valossa\/#primaryimage"},"thumbnailUrl":"https:\/\/zlatan-ibrahimovic.org\/wp-content\/uploads\/2024\/01\/zlatans-syskon.png","datePublished":"2024-10-31T13:56:23+00:00","dateModified":"2024-10-31T13:56:37+00:00","author":{"@id":"https:\/\/zlatan-ibrahimovic.org\/fi\/#\/schema\/person\/b7508ac3e60ffb44a36873ebb7e998f8"},"description":"Katso Zlatan Ibrahimovi\u0107in vaikuttava ura tilastojen valossa \u2013 seurat, maalit, sy\u00f6t\u00f6t ja merkkipaalut uraa uurtavassa jalkapallomatkassa.","breadcrumb":{"@id":"https:\/\/zlatan-ibrahimovic.org\/fi\/zlatan-ibrahimovicin-ura-tilastojen-valossa\/#breadcrumb"},"inLanguage":"fi","potentialAction":[{"@type":"ReadAction","target":["https:\/\/zlatan-ibrahimovic.org\/fi\/zlatan-ibrahimovicin-ura-tilastojen-valossa\/"]}]},{"@type":"ImageObject","inLanguage":"fi","@id":"https:\/\/zlatan-ibrahimovic.org\/fi\/zlatan-ibrahimovicin-ura-tilastojen-valossa\/#primaryimage","url":"https:\/\/zlatan-ibrahimovic.org\/wp-content\/uploads\/2024\/01\/zlatans-syskon.png","contentUrl":"https:\/\/zlatan-ibrahimovic.org\/wp-content\/uploads\/2024\/01\/zlatans-syskon.png","width":2000,"height":1325,"caption":"zlatan"},{"@type":"BreadcrumbList","@id":"https:\/\/zlatan-ibrahimovic.org\/fi\/zlatan-ibrahimovicin-ura-tilastojen-valossa\/#breadcrumb","itemListElement":[{"@type":"ListItem","position":1,"name":"Etusivu","item":"https:\/\/zlatan-ibrahimovic.org\/fi\/"},{"@type":"ListItem","position":2,"name":"Zlatan Ibrahimovi\u0107in ura tilastojen valossa"}]},{"@type":"WebSite","@id":"https:\/\/zlatan-ibrahimovic.org\/fi\/#website","url":"https:\/\/zlatan-ibrahimovic.org\/fi\/","name":"Zlatan Ibrahimovic","description":"","potentialAction":[{"@type":"SearchAction","target":{"@type":"EntryPoint","urlTemplate":"https:\/\/zlatan-ibrahimovic.org\/fi\/?s={search_term_string}"},"query-input":{"@type":"PropertyValueSpecification","valueRequired":true,"valueName":"search_term_string"}}],"inLanguage":"fi"},{"@type":"Person","@id":"https:\/\/zlatan-ibrahimovic.org\/fi\/#\/schema\/person\/b7508ac3e60ffb44a36873ebb7e998f8","name":"Adrian Cicek","image":{"@type":"ImageObject","inLanguage":"fi","@id":"https:\/\/zlatan-ibrahimovic.org\/fi\/#\/schema\/person\/image\/","url":"https:\/\/secure.gravatar.com\/avatar\/dff2f0f850df693816c74b297ab4a1a8bf0ff9c202a4d352411f9253ab418e1f?s=96&d=mm&r=g","contentUrl":"https:\/\/secure.gravatar.com\/avatar\/dff2f0f850df693816c74b297ab4a1a8bf0ff9c202a4d352411f9253ab418e1f?s=96&d=mm&r=g","caption":"Adrian Cicek"},"url":"https:\/\/zlatan-ibrahimovic.org\/fi\/author\/adrian\/"}]}},"_links":{"self":[{"href":"https:\/\/zlatan-ibrahimovic.org\/fi\/wp-json\/wp\/v2\/posts\/451","targetHints":{"allow":["GET"]}}],"collection":[{"href":"https:\/\/zlatan-ibrahimovic.org\/fi\/wp-json\/wp\/v2\/posts"}],"about":[{"href":"https:\/\/zlatan-ibrahimovic.org\/fi\/wp-json\/wp\/v2\/types\/post"}],"author":[{"embeddable":true,"href":"https:\/\/zlatan-ibrahimovic.org\/fi\/wp-json\/wp\/v2\/users\/4"}],"replies":[{"embeddable":true,"href":"https:\/\/zlatan-ibrahimovic.org\/fi\/wp-json\/wp\/v2\/comments?post=451"}],"version-history":[{"count":2,"href":"https:\/\/zlatan-ibrahimovic.org\/fi\/wp-json\/wp\/v2\/posts\/451\/revisions"}],"predecessor-version":[{"id":453,"href":"https:\/\/zlatan-ibrahimovic.org\/fi\/wp-json\/wp\/v2\/posts\/451\/revisions\/453"}],"wp:featuredmedia":[{"embeddable":true,"href":"https:\/\/zlatan-ibrahimovic.org\/fi\/wp-json\/wp\/v2\/media\/403"}],"wp:attachment":[{"href":"https:\/\/zlatan-ibrahimovic.org\/fi\/wp-json\/wp\/v2\/media?parent=451"}],"wp:term":[{"taxonomy":"category","embeddable":true,"href":"https:\/\/zlatan-ibrahimovic.org\/fi\/wp-json\/wp\/v2\/categories?post=451"},{"taxonomy":"post_tag","embeddable":true,"href":"https:\/\/zlatan-ibrahimovic.org\/fi\/wp-json\/wp\/v2\/tags?post=451"}],"curies":[{"name":"wp","href":"https:\/\/api.w.org\/{rel}","templated":true}]}}